{"id":746,"date":"2015-12-19T00:25:01","date_gmt":"2015-12-18T22:25:01","guid":{"rendered":"http:\/\/tsp-photo.com\/?p=746"},"modified":"2015-12-19T00:25:01","modified_gmt":"2015-12-18T22:25:01","slug":"island-2015","status":"publish","type":"post","link":"http:\/\/tsp-photo.com\/?p=746","title":{"rendered":"Island 2015"},"content":{"rendered":"<p>Billederne fra \u00e5rets islandstur har v\u00e6ret l\u00e6nge undervejs. Men en gang flytning, andre projekter har taget tiden, s\u00e5 jeg er faktisk f\u00f8rst ved at f\u00e5 gennemg\u00e5et dem nu. Men lidt er det da blevet til, og her er en smagspr\u00f8ve.<br \/>\nI og med, at jeg er ved at opdatere siden, s\u00e5 vil der komme gallerier fra alle turene jeg har haft derop derinde. S\u00e5 der bliver ikke voldsomt mange I f\u00e5r denne gang \ud83d\ude42<\/p>\n<p><a href=\"http:\/\/tsp-photo.com\/wp-content\/uploads\/2015-10-06-D3s-TP1_8218.jpg\" rel=\"attachment wp-att-747\"><img loading=\"lazy\" class=\"aligncenter size-large wp-image-747\" src=\"http:\/\/tsp-photo.com\/wp-content\/uploads\/2015-10-06-D3s-TP1_8218-1024x681.jpg\" alt=\"2015-10-06-D3s-TP1_8218\" width=\"980\" height=\"652\" srcset=\"http:\/\/tsp-photo.com\/wp-content\/uploads\/2015-10-06-D3s-TP1_8218-1024x681.jpg 1024w, http:\/\/tsp-photo.com\/wp-content\/uploads\/2015-10-06-D3s-TP1_8218-300x200.jpg 300w, http:\/\/tsp-photo.com\/wp-content\/uploads\/2015-10-06-D3s-TP1_8218-768x511.jpg 768w, http:\/\/tsp-photo.com\/wp-content\/uploads\/2015-10-06-D3s-TP1_8218-83x55.jpg 83w, http:\/\/tsp-photo.com\/wp-content\/uploads\/2015-10-06-D3s-TP1_8218-600x400.jpg 600w, http:\/\/tsp-photo.com\/wp-content\/uploads\/2015-10-06-D3s-TP1_8218-150x100.jpg 150w, http:\/\/tsp-photo.com\/wp-content\/uploads\/2015-10-06-D3s-TP1_8218-75x50.jpg 75w, http:\/\/tsp-photo.com\/wp-content\/uploads\/2015-10-06-D3s-TP1_8218.jpg 1500w\" sizes=\"(max-width: 980px) 100vw, 980px\" \/><\/a><em>Dettifoss up close and personal. Billedet er taget p\u00e5 200mm p\u00e5 modsatte brink. Dette er faktisk kun st\u00f8vet der rammer klippesiden og danner nogle sm\u00e5 vandl\u00f8b der l\u00f8ber ned.<\/em><\/p>\n<p>&nbsp;<\/p>\n<p><a href=\"http:\/\/tsp-photo.com\/wp-content\/uploads\/2015-10-06-D3s-TP1_8244.jpg\" rel=\"attachment wp-att-748\"><img loading=\"lazy\" class=\"aligncenter size-large wp-image-748\" src=\"http:\/\/tsp-photo.com\/wp-content\/uploads\/2015-10-06-D3s-TP1_8244-1024x681.jpg\" alt=\"2015-10-06-D3s-TP1_8244\" width=\"980\" height=\"652\" srcset=\"http:\/\/tsp-photo.com\/wp-content\/uploads\/2015-10-06-D3s-TP1_8244-1024x681.jpg 1024w, http:\/\/tsp-photo.com\/wp-content\/uploads\/2015-10-06-D3s-TP1_8244-300x200.jpg 300w, http:\/\/tsp-photo.com\/wp-content\/uploads\/2015-10-06-D3s-TP1_8244-768x511.jpg 768w, http:\/\/tsp-photo.com\/wp-content\/uploads\/2015-10-06-D3s-TP1_8244-83x55.jpg 83w, http:\/\/tsp-photo.com\/wp-content\/uploads\/2015-10-06-D3s-TP1_8244-600x400.jpg 600w, http:\/\/tsp-photo.com\/wp-content\/uploads\/2015-10-06-D3s-TP1_8244-150x100.jpg 150w, http:\/\/tsp-photo.com\/wp-content\/uploads\/2015-10-06-D3s-TP1_8244-75x50.jpg 75w, http:\/\/tsp-photo.com\/wp-content\/uploads\/2015-10-06-D3s-TP1_8244.jpg 1500w\" sizes=\"(max-width: 980px) 100vw, 980px\" \/><\/a><em>Et billede fra\u00a0taget nedstr\u00f8ms Dettifoss. Det er nogle ret vilde landskaber der gemmer sig der.<\/em><\/p>\n<p>&nbsp;<\/p>\n<p><a href=\"http:\/\/tsp-photo.com\/wp-content\/uploads\/2015-10-07-D3s-TP1_8451.jpg\" rel=\"attachment wp-att-749\"><img loading=\"lazy\" class=\"aligncenter size-large wp-image-749\" src=\"http:\/\/tsp-photo.com\/wp-content\/uploads\/2015-10-07-D3s-TP1_8451-1024x681.jpg\" alt=\"2015-10-07-D3s-TP1_8451\" width=\"980\" height=\"652\" srcset=\"http:\/\/tsp-photo.com\/wp-content\/uploads\/2015-10-07-D3s-TP1_8451-1024x681.jpg 1024w, http:\/\/tsp-photo.com\/wp-content\/uploads\/2015-10-07-D3s-TP1_8451-300x200.jpg 300w, http:\/\/tsp-photo.com\/wp-content\/uploads\/2015-10-07-D3s-TP1_8451-768x511.jpg 768w, http:\/\/tsp-photo.com\/wp-content\/uploads\/2015-10-07-D3s-TP1_8451-83x55.jpg 83w, http:\/\/tsp-photo.com\/wp-content\/uploads\/2015-10-07-D3s-TP1_8451-600x400.jpg 600w, http:\/\/tsp-photo.com\/wp-content\/uploads\/2015-10-07-D3s-TP1_8451-150x100.jpg 150w, http:\/\/tsp-photo.com\/wp-content\/uploads\/2015-10-07-D3s-TP1_8451-75x50.jpg 75w, http:\/\/tsp-photo.com\/wp-content\/uploads\/2015-10-07-D3s-TP1_8451.jpg 1500w\" sizes=\"(max-width: 980px) 100vw, 980px\" \/><\/a> <em>Vi var ret heldige med nordlyset p\u00e5 turen i \u00e5r. Der var simpelthen storm flere n\u00e6tter og til sidst m\u00e5tte man opgive, da man jo ogs\u00e5 skulle sove ind i mellem. Det her er fra f\u00f8rste nat ved Myvatn.<\/em><\/p>\n<p>&nbsp;<\/p>\n<p><a href=\"http:\/\/tsp-photo.com\/wp-content\/uploads\/2015-10-07-D3s-TP1_8497.jpg\" rel=\"attachment wp-att-750\"><img loading=\"lazy\" class=\"aligncenter size-large wp-image-750\" src=\"http:\/\/tsp-photo.com\/wp-content\/uploads\/2015-10-07-D3s-TP1_8497-681x1024.jpg\" alt=\"2015-10-07-D3s-TP1_8497\" width=\"681\" height=\"1024\" srcset=\"http:\/\/tsp-photo.com\/wp-content\/uploads\/2015-10-07-D3s-TP1_8497-681x1024.jpg 681w, http:\/\/tsp-photo.com\/wp-content\/uploads\/2015-10-07-D3s-TP1_8497-200x300.jpg 200w, http:\/\/tsp-photo.com\/wp-content\/uploads\/2015-10-07-D3s-TP1_8497-768x1154.jpg 768w, http:\/\/tsp-photo.com\/wp-content\/uploads\/2015-10-07-D3s-TP1_8497-37x55.jpg 37w, http:\/\/tsp-photo.com\/wp-content\/uploads\/2015-10-07-D3s-TP1_8497-266x400.jpg 266w, http:\/\/tsp-photo.com\/wp-content\/uploads\/2015-10-07-D3s-TP1_8497.jpg 1000w\" sizes=\"(max-width: 681px) 100vw, 681px\" \/><\/a><em style=\"font-size: 16px;\">Endu et nordlysbillede fra Myvatn. Jeg kan godt lide h\u00e5nden der bliver tegnet.<\/em><\/p>\n<p>&nbsp;<\/p>\n<p><a href=\"http:\/\/tsp-photo.com\/wp-content\/uploads\/2015-10-07-D800-TP2_7900.jpg\" rel=\"attachment wp-att-751\"><img loading=\"lazy\" class=\"aligncenter size-large wp-image-751\" src=\"http:\/\/tsp-photo.com\/wp-content\/uploads\/2015-10-07-D800-TP2_7900-1024x683.jpg\" alt=\"2015-10-07-D800-TP2_7900\" width=\"980\" height=\"654\" srcset=\"http:\/\/tsp-photo.com\/wp-content\/uploads\/2015-10-07-D800-TP2_7900-1024x683.jpg 1024w, http:\/\/tsp-photo.com\/wp-content\/uploads\/2015-10-07-D800-TP2_7900-300x200.jpg 300w, http:\/\/tsp-photo.com\/wp-content\/uploads\/2015-10-07-D800-TP2_7900-768x513.jpg 768w, http:\/\/tsp-photo.com\/wp-content\/uploads\/2015-10-07-D800-TP2_7900-82x55.jpg 82w, http:\/\/tsp-photo.com\/wp-content\/uploads\/2015-10-07-D800-TP2_7900-600x400.jpg 600w, http:\/\/tsp-photo.com\/wp-content\/uploads\/2015-10-07-D800-TP2_7900-150x100.jpg 150w, http:\/\/tsp-photo.com\/wp-content\/uploads\/2015-10-07-D800-TP2_7900-75x50.jpg 75w, http:\/\/tsp-photo.com\/wp-content\/uploads\/2015-10-07-D800-TP2_7900.jpg 1500w\" sizes=\"(max-width: 980px) 100vw, 980px\" \/><\/a><span style=\"font-size: 16px;\">Ved Godafoss var vi s\u00e5 heldige at se fjeldryper. Jeg har godt nok set dem der for et par \u00e5r siden, men fik dem aldrig fotograferet ordentligt. Denne gang fik jeg lov at komme en smule t\u00e6ttere p\u00e5.<\/span><\/p>\n<p>&nbsp;<\/p>\n<p><a href=\"http:\/\/tsp-photo.com\/wp-content\/uploads\/2015-10-07-D800-TP2_7938.jpg\" rel=\"attachment wp-att-752\"><img loading=\"lazy\" class=\"aligncenter size-large wp-image-752\" src=\"http:\/\/tsp-photo.com\/wp-content\/uploads\/2015-10-07-D800-TP2_7938-1024x683.jpg\" alt=\"2015-10-07-D800-TP2_7938\" width=\"980\" height=\"654\" srcset=\"http:\/\/tsp-photo.com\/wp-content\/uploads\/2015-10-07-D800-TP2_7938-1024x683.jpg 1024w, http:\/\/tsp-photo.com\/wp-content\/uploads\/2015-10-07-D800-TP2_7938-300x200.jpg 300w, http:\/\/tsp-photo.com\/wp-content\/uploads\/2015-10-07-D800-TP2_7938-768x513.jpg 768w, http:\/\/tsp-photo.com\/wp-content\/uploads\/2015-10-07-D800-TP2_7938-82x55.jpg 82w, http:\/\/tsp-photo.com\/wp-content\/uploads\/2015-10-07-D800-TP2_7938-600x400.jpg 600w, http:\/\/tsp-photo.com\/wp-content\/uploads\/2015-10-07-D800-TP2_7938-150x100.jpg 150w, http:\/\/tsp-photo.com\/wp-content\/uploads\/2015-10-07-D800-TP2_7938-75x50.jpg 75w, http:\/\/tsp-photo.com\/wp-content\/uploads\/2015-10-07-D800-TP2_7938.jpg 1500w\" sizes=\"(max-width: 980px) 100vw, 980px\" \/><\/a><em style=\"font-size: 16px;\">Endnu en fjeldrype. Billederne er taget p\u00e5 200mm.<\/em><\/p>\n<p>&nbsp;<\/p>\n<p><a href=\"http:\/\/tsp-photo.com\/wp-content\/uploads\/2015-10-08-D800-TP2_8924-v2.jpg\" rel=\"attachment wp-att-753\"><img loading=\"lazy\" class=\"aligncenter size-large wp-image-753\" src=\"http:\/\/tsp-photo.com\/wp-content\/uploads\/2015-10-08-D800-TP2_8924-v2-683x1024.jpg\" alt=\"2015-10-08-D800-TP2_8924-v2\" width=\"683\" height=\"1024\" srcset=\"http:\/\/tsp-photo.com\/wp-content\/uploads\/2015-10-08-D800-TP2_8924-v2-683x1024.jpg 683w, http:\/\/tsp-photo.com\/wp-content\/uploads\/2015-10-08-D800-TP2_8924-v2-200x300.jpg 200w, http:\/\/tsp-photo.com\/wp-content\/uploads\/2015-10-08-D800-TP2_8924-v2-768x1152.jpg 768w, http:\/\/tsp-photo.com\/wp-content\/uploads\/2015-10-08-D800-TP2_8924-v2-37x55.jpg 37w, http:\/\/tsp-photo.com\/wp-content\/uploads\/2015-10-08-D800-TP2_8924-v2-267x400.jpg 267w, http:\/\/tsp-photo.com\/wp-content\/uploads\/2015-10-08-D800-TP2_8924-v2.jpg 1000w\" sizes=\"(max-width: 683px) 100vw, 683px\" \/><\/a><em><span style=\"font-size: 16px;\">En virkelig smuk kl\u00f8ft der ligger ved byen Kirkjub\u00e6rjarklaustur (og ja, det er et sindssygt navn). Kl\u00f8ften ligger som udmunding p\u00e5 den r\u00e6kke kratere der kaldes Laki<\/span><\/em><\/p>\n<p>&nbsp;<\/p>\n<p><a href=\"http:\/\/tsp-photo.com\/wp-content\/uploads\/2015-10-08-D800-TP2_8947.jpg\" rel=\"attachment wp-att-754\"><img loading=\"lazy\" class=\"aligncenter size-large wp-image-754\" src=\"http:\/\/tsp-photo.com\/wp-content\/uploads\/2015-10-08-D800-TP2_8947-684x1024.jpg\" alt=\"2015-10-08-D800-TP2_8947\" width=\"684\" height=\"1024\" srcset=\"http:\/\/tsp-photo.com\/wp-content\/uploads\/2015-10-08-D800-TP2_8947-684x1024.jpg 684w, http:\/\/tsp-photo.com\/wp-content\/uploads\/2015-10-08-D800-TP2_8947-200x300.jpg 200w, http:\/\/tsp-photo.com\/wp-content\/uploads\/2015-10-08-D800-TP2_8947-768x1150.jpg 768w, http:\/\/tsp-photo.com\/wp-content\/uploads\/2015-10-08-D800-TP2_8947-37x55.jpg 37w, http:\/\/tsp-photo.com\/wp-content\/uploads\/2015-10-08-D800-TP2_8947-267x400.jpg 267w, http:\/\/tsp-photo.com\/wp-content\/uploads\/2015-10-08-D800-TP2_8947.jpg 1000w\" sizes=\"(max-width: 684px) 100vw, 684px\" \/><\/a><em style=\"font-size: 16px;\">Et tr\u00e6 fra selv samme kl\u00f8ft. Det er vildt at se tr\u00e6er p\u00e5 n\u00e6rmest lodrette klipper. Tr\u00e6er er nu s\u00e5 meget sagt, men n\u00e5r man n\u00e6rmer sig arktis og man er i vindbl\u00e6ste omr\u00e5der, s\u00e5 er tr\u00e6erne ikke s\u00e5 forf\u00e6rdelig h\u00f8je.<\/em><\/p>\n<p>&nbsp;<\/p>\n<p><a href=\"http:\/\/tsp-photo.com\/wp-content\/uploads\/2015-10-08-D3s-TP1_89131415161718119-v2.jpg\" rel=\"attachment wp-att-755\"><img loading=\"lazy\" class=\"aligncenter size-large wp-image-755\" src=\"http:\/\/tsp-photo.com\/wp-content\/uploads\/2015-10-08-D3s-TP1_89131415161718119-v2-1024x683.jpg\" alt=\"2015-10-08-D3s-TP1_8913+14+15+16+17+181+19-v2\" width=\"980\" height=\"654\" srcset=\"http:\/\/tsp-photo.com\/wp-content\/uploads\/2015-10-08-D3s-TP1_89131415161718119-v2-1024x683.jpg 1024w, http:\/\/tsp-photo.com\/wp-content\/uploads\/2015-10-08-D3s-TP1_89131415161718119-v2-300x200.jpg 300w, http:\/\/tsp-photo.com\/wp-content\/uploads\/2015-10-08-D3s-TP1_89131415161718119-v2-768x512.jpg 768w, http:\/\/tsp-photo.com\/wp-content\/uploads\/2015-10-08-D3s-TP1_89131415161718119-v2-83x55.jpg 83w, http:\/\/tsp-photo.com\/wp-content\/uploads\/2015-10-08-D3s-TP1_89131415161718119-v2-600x400.jpg 600w, http:\/\/tsp-photo.com\/wp-content\/uploads\/2015-10-08-D3s-TP1_89131415161718119-v2-150x100.jpg 150w, http:\/\/tsp-photo.com\/wp-content\/uploads\/2015-10-08-D3s-TP1_89131415161718119-v2-75x50.jpg 75w, http:\/\/tsp-photo.com\/wp-content\/uploads\/2015-10-08-D3s-TP1_89131415161718119-v2.jpg 1500w\" sizes=\"(max-width: 980px) 100vw, 980px\" \/><\/a><em style=\"font-size: 16px;\">Det er f\u00f8rste gang jeg har set s\u00e5dan et specielt omr\u00e5de. Det lignede det fineste gule sandkassesand og midt i det l\u00e5 de her store sten. Jeg m\u00e5tte have et billede. Omr\u00e5det er i n\u00e6rheden af Thorsmark.<\/em><\/p>\n<p>&nbsp;<\/p>\n<p><a href=\"http:\/\/tsp-photo.com\/wp-content\/uploads\/2015-10-08-D800-TP2_8545464748495051525354555657.jpg\" rel=\"attachment wp-att-756\"><img loading=\"lazy\" class=\"aligncenter size-large wp-image-756\" src=\"http:\/\/tsp-photo.com\/wp-content\/uploads\/2015-10-08-D800-TP2_8545464748495051525354555657-1024x103.jpg\" alt=\"2015-10-08-D800-TP2_8545+46+47+48+49+50+51+52+53+54+55+56+57\" width=\"980\" height=\"99\" srcset=\"http:\/\/tsp-photo.com\/wp-content\/uploads\/2015-10-08-D800-TP2_8545464748495051525354555657-1024x103.jpg 1024w, http:\/\/tsp-photo.com\/wp-content\/uploads\/2015-10-08-D800-TP2_8545464748495051525354555657-300x30.jpg 300w, http:\/\/tsp-photo.com\/wp-content\/uploads\/2015-10-08-D800-TP2_8545464748495051525354555657-768x77.jpg 768w, http:\/\/tsp-photo.com\/wp-content\/uploads\/2015-10-08-D800-TP2_8545464748495051525354555657-549x55.jpg 549w, http:\/\/tsp-photo.com\/wp-content\/uploads\/2015-10-08-D800-TP2_8545464748495051525354555657-600x60.jpg 600w\" sizes=\"(max-width: 980px) 100vw, 980px\" \/><\/a><em style=\"font-size: 16px;\">Vi ville have v\u00e6ret en tur ind til Landmannalaugar, men den ene bil var p\u00e5 sommerd\u00e6k, og der var alligevel frost og sne, og vejen havde alts\u00e5 set bedre dage. S\u00e5 en Ford Transit p\u00e5 sommerd\u00e6k, den satte en stopper for den plan. Billedet her er fra starten af vejen mod Landmannalaugar., som ligger mellem bjergtoppene.<\/em><\/p>\n<p>&nbsp;<\/p>\n<p><a href=\"http:\/\/tsp-photo.com\/wp-content\/uploads\/2015-10-08-D800-TP2_8888.jpg\" rel=\"attachment wp-att-757\"><img loading=\"lazy\" class=\"aligncenter size-large wp-image-757\" src=\"http:\/\/tsp-photo.com\/wp-content\/uploads\/2015-10-08-D800-TP2_8888-1024x683.jpg\" alt=\"2015-10-08-D800-TP2_8888\" width=\"980\" height=\"654\" srcset=\"http:\/\/tsp-photo.com\/wp-content\/uploads\/2015-10-08-D800-TP2_8888-1024x683.jpg 1024w, http:\/\/tsp-photo.com\/wp-content\/uploads\/2015-10-08-D800-TP2_8888-300x200.jpg 300w, http:\/\/tsp-photo.com\/wp-content\/uploads\/2015-10-08-D800-TP2_8888-768x513.jpg 768w, http:\/\/tsp-photo.com\/wp-content\/uploads\/2015-10-08-D800-TP2_8888-82x55.jpg 82w, http:\/\/tsp-photo.com\/wp-content\/uploads\/2015-10-08-D800-TP2_8888-600x400.jpg 600w, http:\/\/tsp-photo.com\/wp-content\/uploads\/2015-10-08-D800-TP2_8888-150x100.jpg 150w, http:\/\/tsp-photo.com\/wp-content\/uploads\/2015-10-08-D800-TP2_8888-75x50.jpg 75w, http:\/\/tsp-photo.com\/wp-content\/uploads\/2015-10-08-D800-TP2_8888.jpg 1500w\" sizes=\"(max-width: 980px) 100vw, 980px\" \/><\/a><em><span style=\"font-size: 16px;\">S\u00e5 springer vil lige tilbage til Laki-dalen og kigger ind mod h\u00f8jlandet.<\/span><\/em><\/p>\n<p>&nbsp;<\/p>\n<p><a href=\"http:\/\/tsp-photo.com\/wp-content\/uploads\/2015-10-10-D3s-TP1_8694.jpg\" rel=\"attachment wp-att-758\"><img loading=\"lazy\" class=\"aligncenter size-large wp-image-758\" src=\"http:\/\/tsp-photo.com\/wp-content\/uploads\/2015-10-10-D3s-TP1_8694-1024x681.jpg\" alt=\"2015-10-10-D3s-TP1_8694\" width=\"980\" height=\"652\" srcset=\"http:\/\/tsp-photo.com\/wp-content\/uploads\/2015-10-10-D3s-TP1_8694-1024x681.jpg 1024w, http:\/\/tsp-photo.com\/wp-content\/uploads\/2015-10-10-D3s-TP1_8694-300x200.jpg 300w, http:\/\/tsp-photo.com\/wp-content\/uploads\/2015-10-10-D3s-TP1_8694-768x511.jpg 768w, http:\/\/tsp-photo.com\/wp-content\/uploads\/2015-10-10-D3s-TP1_8694-83x55.jpg 83w, http:\/\/tsp-photo.com\/wp-content\/uploads\/2015-10-10-D3s-TP1_8694-600x400.jpg 600w, http:\/\/tsp-photo.com\/wp-content\/uploads\/2015-10-10-D3s-TP1_8694-150x100.jpg 150w, http:\/\/tsp-photo.com\/wp-content\/uploads\/2015-10-10-D3s-TP1_8694-75x50.jpg 75w, http:\/\/tsp-photo.com\/wp-content\/uploads\/2015-10-10-D3s-TP1_8694.jpg 1500w\" sizes=\"(max-width: 980px) 100vw, 980px\" \/><\/a><em>Og afslutningsvis, s\u00e5 kommer der lige et skud med lidt nordlys \ud83d\ude42<\/em><\/p>\n","protected":false},"excerpt":{"rendered":"<p>Billederne fra \u00e5rets islandstur har v\u00e6ret l\u00e6nge undervejs. Men en gang flytning, andre projekter har taget tiden, s\u00e5 jeg er faktisk f\u00f8rst ved at f\u00e5 gennemg\u00e5et dem nu. Men lidt er det da blevet til, og her er en smagspr\u00f8ve. I og med, at jeg er ved at opdatere siden, s\u00e5 vil der komme gallerier fra alle turene jeg har haft derop derinde. S\u00e5 der bliver ikke voldsomt mange I f\u00e5r denne gang \ud83d\ude42 Dettifoss up close and personal. Billedet er taget p\u00e5 200mm p\u00e5 modsatte brink. Dette er faktisk kun st\u00f8vet der rammer klippesiden og danner nogle sm\u00e5 vandl\u00f8b [&hellip;]<\/p>\n","protected":false},"author":1,"featured_media":755,"comment_status":"open","ping_status":"open","sticky":false,"template":"","format":"standard","meta":[],"categories":[61,11,8,112,137],"tags":[53,140,30,111,141,43,120,52,12,31,13,138,139,42,55,145,143,54,144,142],"jetpack_featured_media_url":"http:\/\/tsp-photo.com\/wp-content\/uploads\/2015-10-08-D3s-TP1_89131415161718119-v2.jpg","_links":{"self":[{"href":"http:\/\/tsp-photo.com\/index.php?rest_route=\/wp\/v2\/posts\/746"}],"collection":[{"href":"http:\/\/tsp-photo.com\/index.php?rest_route=\/wp\/v2\/posts"}],"about":[{"href":"http:\/\/tsp-photo.com\/index.php?rest_route=\/wp\/v2\/types\/post"}],"author":[{"embeddable":true,"href":"http:\/\/tsp-photo.com\/index.php?rest_route=\/wp\/v2\/users\/1"}],"replies":[{"embeddable":true,"href":"http:\/\/tsp-photo.com\/index.php?rest_route=%2Fwp%2Fv2%2Fcomments&post=746"}],"version-history":[{"count":3,"href":"http:\/\/tsp-photo.com\/index.php?rest_route=\/wp\/v2\/posts\/746\/revisions"}],"predecessor-version":[{"id":761,"href":"http:\/\/tsp-photo.com\/index.php?rest_route=\/wp\/v2\/posts\/746\/revisions\/761"}],"wp:featuredmedia":[{"embeddable":true,"href":"http:\/\/tsp-photo.com\/index.php?rest_route=\/wp\/v2\/media\/755"}],"wp:attachment":[{"href":"http:\/\/tsp-photo.com\/index.php?rest_route=%2Fwp%2Fv2%2Fmedia&parent=746"}],"wp:term":[{"taxonomy":"category","embeddable":true,"href":"http:\/\/tsp-photo.com\/index.php?rest_route=%2Fwp%2Fv2%2Fcategories&post=746"},{"taxonomy":"post_tag","embeddable":true,"href":"http:\/\/tsp-photo.com\/index.php?rest_route=%2Fwp%2Fv2%2Ftags&post=746"}],"curies":[{"name":"wp","href":"https:\/\/api.w.org\/{rel}","templated":true}]}}